{"id":587,"date":"2015-06-05T18:19:03","date_gmt":"2015-06-05T18:19:03","guid":{"rendered":"http:\/\/bufetemolina.com.mx\/?p=587"},"modified":"2015-06-05T18:19:03","modified_gmt":"2015-06-05T18:19:03","slug":"articulo-134-de-la-ley-federal-de-competencia-economica-una-vision-colectiva","status":"publish","type":"post","link":"https:\/\/bufetemolina.com.mx\/discovery\/articulo-134-de-la-ley-federal-de-competencia-economica-una-vision-colectiva\/","title":{"rendered":"Art\u00edculo 134 de la ley federal de competencia econ\u00f3mica. Una visi\u00f3n colectiva."},"content":{"rendered":"<p>La restituci\u00f3n de da\u00f1os y perjuicios que se desprenden de cualquier pr\u00e1ctica il\u00edcita sancionada\u00a0por la Ley Federal de Competencia Econ\u00f3mica, constituye la culminaci\u00f3n del procedimiento legal\u00a0previsto por el legislador. Los consumidores que al fin y al cabo son los perjudicados en su bienestar por\u00a0las barreras a la libre concurrencia, las pr\u00e1cticas monop\u00f3licas, las concentraciones il\u00edcitas, las barreras\u00a0a la libre \u00a0oncurrencia y competencia econ\u00f3mica o cualquier otra restricci\u00f3n al funcionamiento eficiente\u00a0de los \u00a0ercados; son el sujeto pasivo que mediante procedimientos judiciales expeditos y eficaces\u00a0deben ser protegidos y tutelados en sus derechos para reclamar los da\u00f1os y perjuicios que esas ilicitudes\u00a0les confieren en su nivel de bienestar.<\/p>\n<p>El presente ensayo pretende hacer ver que independientemente\u00a0de la acci\u00f3n individual de da\u00f1os y perjuicios, que puede interponer un agente econ\u00f3mico por su propio\u00a0derecho: El uso concurrente de las acciones colectivas son un procedimiento de mayor impacto en la\u00a0pol\u00edtica p\u00fablica de competencia econ\u00f3mica, porque hace posible que a un n\u00famero considerable de\u00a0consumidores, les sea restituido el da\u00f1o y el perjuicio econ\u00f3mico por la p\u00e9rdida de bienestar que las\u00a0practicas antes se\u00f1aladas les confieran, de tal manera que un mayor volumen y frecuencia de\u00a0acciones colectivas en el \u00e1mbito judicial en contra de los agentes econ\u00f3micos sancionados por la\u00a0Comisi\u00f3n Federal de Competencia Econ\u00f3mica; sin la menor duda razonable ser\u00e1 un factor que inhiba a\u00a0violar la ley de competencia por lo costoso que pudieran resultar los da\u00f1os colaterales que ocasionan al\u00a0consumidor y porque \u00e9ste reclamar\u00e1 con frecuencia de manera colectiva la reparaci\u00f3n del da\u00f1o y perjuicio sufrido<\/p>\n<p>&nbsp;<\/p>\n<p>Descargar art\u00edculo completo:\u00a0<a href=\"http:\/\/bufetemolina.com.mx\/wp-content\/uploads\/2015\/06\/Acciones-Colectivas.pdf\">Acciones Colectivas<\/a>\u00a0[PDF]<\/p>\n","protected":false},"excerpt":{"rendered":"<p>La restituci\u00f3n de da\u00f1os y perjuicios que se desprenden de cualquier pr\u00e1ctica il\u00edcita sancionada\u00a0por la Ley Federal de Competencia Econ\u00f3mica, constituye la culminaci\u00f3n del procedimiento legal\u00a0previsto por el legislador. Los consumidores que al fin y al cabo son los perjudicados en su bienestar por\u00a0las barreras a la libre concurrencia, las pr\u00e1cticas monop\u00f3licas, las concentraciones il\u00edcitas, [&hellip;]<\/p>\n","protected":false},"author":1,"featured_media":11174,"comment_status":"open","ping_status":"open","sticky":false,"template":"","format":"standard","meta":{"_joinchat":[],"footnotes":""},"categories":[40],"tags":[91,109,98],"class_list":["post-587","post","type-post","status-publish","format-standard","has-post-thumbnail","hentry","category-articulo","tag-acciones-colectivas","tag-ley-federal-de-competencia-economica","tag-danos-y-perjuicios"],"_links":{"self":[{"href":"https:\/\/bufetemolina.com.mx\/discovery\/wp-json\/wp\/v2\/posts\/587","targetHints":{"allow":["GET"]}}],"collection":[{"href":"https:\/\/bufetemolina.com.mx\/discovery\/wp-json\/wp\/v2\/posts"}],"about":[{"href":"https:\/\/bufetemolina.com.mx\/discovery\/wp-json\/wp\/v2\/types\/post"}],"author":[{"embeddable":true,"href":"https:\/\/bufetemolina.com.mx\/discovery\/wp-json\/wp\/v2\/users\/1"}],"replies":[{"embeddable":true,"href":"https:\/\/bufetemolina.com.mx\/discovery\/wp-json\/wp\/v2\/comments?post=587"}],"version-history":[{"count":0,"href":"https:\/\/bufetemolina.com.mx\/discovery\/wp-json\/wp\/v2\/posts\/587\/revisions"}],"wp:featuredmedia":[{"embeddable":true,"href":"https:\/\/bufetemolina.com.mx\/discovery\/wp-json\/"}],"wp:attachment":[{"href":"https:\/\/bufetemolina.com.mx\/discovery\/wp-json\/wp\/v2\/media?parent=587"}],"wp:term":[{"taxonomy":"category","embeddable":true,"href":"https:\/\/bufetemolina.com.mx\/discovery\/wp-json\/wp\/v2\/categories?post=587"},{"taxonomy":"post_tag","embeddable":true,"href":"https:\/\/bufetemolina.com.mx\/discovery\/wp-json\/wp\/v2\/tags?post=587"}],"curies":[{"name":"wp","href":"https:\/\/api.w.org\/{rel}","templated":true}]}}